{"id":1728,"date":"2024-07-13T16:34:45","date_gmt":"2024-07-13T15:34:45","guid":{"rendered":"http:\/\/casademacau.pt\/?p=1728"},"modified":"2024-07-13T16:34:47","modified_gmt":"2024-07-13T15:34:47","slug":"macau-sa-assi-boletim-julho-2024","status":"publish","type":"post","link":"http:\/\/casademacau.pt\/?p=1728","title":{"rendered":"Macau S\u00e3 Assi \u2014 Boletim Julho 2024"},"content":{"rendered":"\n<figure class=\"wp-block-image\"><img loading=\"lazy\" decoding=\"async\" width=\"1078\" height=\"318\" src=\"http:\/\/casademacau.pt\/wp-content\/uploads\/2024\/07\/word-image-1728-1.jpeg\" alt=\"\" class=\"wp-image-1729\" srcset=\"http:\/\/casademacau.pt\/wp-content\/uploads\/2024\/07\/word-image-1728-1.jpeg 1078w, http:\/\/casademacau.pt\/wp-content\/uploads\/2024\/07\/word-image-1728-1-300x88.jpeg 300w, http:\/\/casademacau.pt\/wp-content\/uploads\/2024\/07\/word-image-1728-1-768x227.jpeg 768w, http:\/\/casademacau.pt\/wp-content\/uploads\/2024\/07\/word-image-1728-1-1024x302.jpeg 1024w\" sizes=\"auto, (max-width: 1078px) 100vw, 1078px\" \/><\/figure>\n\n\n\n<p>Caro leitor, a <strong>Casa de Macau <\/strong>de Portugal vem por esta via apostar na amplia\u00e7\u00e3o da sua divulga\u00e7\u00e3o e tentar chegar a uma popula\u00e7\u00e3o mais abrangente com not\u00edcias e rubricas que nos v\u00e3o aproximando enquanto comunidade.<\/p>\n\n\n\n<p>A escolha do nome do nosso novo Boletim \u00e9 por si s\u00f3 bem elucidativa, recuperamos uma conhecida frase no nosso patu\u00e1, \u201cMacau S\u00e3 Assi\u201d (esta \u00e9 a nossa Macau), como lema da nossa comunica\u00e7\u00e3o, relembrando os nossos tra\u00e7os identit\u00e1rios que nos unem, sem esquecer a necessidade de continuar a colocar Macau no nosso quotidiano.<\/p>\n\n\n\n<p>Sendo este o nosso primeiro editorial, n\u00e3o nos iremos alongar: vamos deixar os s\u00f3cios escrutinarem as nossas rubricas e, se o entenderem, poder\u00e3o enviar as suas sugest\u00f5es e cr\u00edticas directamente para o <a href=\"mailto:casademacau@mail.telepac.pt\">e-mail<\/a> da Casa de Macau. N\u00f3s agradecemos.<\/p>\n\n\n\n<p>Boas leituras! Vamos contando com a vossa colabora\u00e7\u00e3o e participa\u00e7\u00e3o neste projecto colectivo que \u00e9 de todos N\u00f3s.<\/p>\n\n\n\n<p>Carlos Piteira Presidente da Casa de Macau<\/p>\n\n\n\n<figure class=\"wp-block-image\"><img loading=\"lazy\" decoding=\"async\" width=\"3048\" height=\"4064\" src=\"http:\/\/casademacau.pt\/wp-content\/uploads\/2024\/07\/word-image-1728-2.png\" alt=\"\" class=\"wp-image-1730\" srcset=\"http:\/\/casademacau.pt\/wp-content\/uploads\/2024\/07\/word-image-1728-2.png 3048w, http:\/\/casademacau.pt\/wp-content\/uploads\/2024\/07\/word-image-1728-2-225x300.png 225w, http:\/\/casademacau.pt\/wp-content\/uploads\/2024\/07\/word-image-1728-2-768x1024.png 768w\" sizes=\"auto, (max-width: 3048px) 100vw, 3048px\" \/><\/figure>\n\n\n\n<p><strong><em>H\u00e1 Minchi! <\/em>Almo\u00e7os Bimensais<\/strong><\/p>\n\n\n\n<p>No pr\u00f3ximo dia <strong>28 de Julho <\/strong>haver\u00e1 <strong>novo conv\u00edvio <\/strong>dedicado ao <strong>minchi<\/strong>, depois do nosso primeiro e bem sucedido encontro, a 25 de Maio.<\/p>\n\n\n\n<p>Convidamos todos a inscreverem-se e a aparecer.<\/p>\n\n\n\n<p>Na primeira destas iniciativas estiveram presentes cerca de 100 pessoas, o que tornou esta reuni\u00e3o num momento de celebra\u00e7\u00e3o de Macau e das suas gentes, partilhando mem\u00f3rias e saudades. O Minchi foi e \u00e9 um referencial simb\u00f3lico (principalmente entre os jovens) que se vai perpetuando no tempo como elemento que nos integra na comunidade e nos permite referenci\u00e1-lo como sendo nosso para aqueles que s\u00e3o de Macau.<\/p>\n\n\n\n<p>Foi muito agrad\u00e1vel e bonito ver o conv\u00edvio inter geracional nesta iniciativa, unindo os nossos s\u00f3cios habituais a uma camada mais jovem que apareceu e se misturou numa bela tarde de conv\u00edvio. Uma parte do sucesso do evento deveu-se a esses, que tiveram a iniciativa de divulg\u00e1-lo nos seus contactos e redes, permitindo chegar a pessoas que n\u00e3o conheciam a nossa Casa, e juntando-se \u00e0 presen\u00e7a sempre ass\u00eddua dos s\u00f3cios que sempre nos acarinharam.<\/p>\n\n\n\n<p>N\u00e3o queremos deixar de referenciar dois elementos que tiveram um contributo determinante nesta iniciativa: o s\u00f3cio Miguel Khan, em todo a concep\u00e7\u00e3o, enquadramento e organiza\u00e7\u00e3o, e Beto Ritchie, que nos proporcionou uma agrad\u00e1vel tarde musical, para al\u00e9m de ser um elemento aglutinador e de refer\u00eancia desta gera\u00e7\u00e3o mais recente.<\/p>\n\n\n\n<p>Ficou, por fim, o desejo de continuarmos a celebrar Macau sempre com um Minchi a acompanhar. Por parte da Casa de Macau, prometemos estar presentes e deste j\u00e1 repetimos o chamamento para o pr\u00f3ximo dia 28 de Julho<\/p>\n\n\n\n<figure class=\"wp-block-image\"><img loading=\"lazy\" decoding=\"async\" width=\"600\" height=\"450\" src=\"http:\/\/casademacau.pt\/wp-content\/uploads\/2024\/07\/word-image-1728-3.jpeg\" alt=\"\" class=\"wp-image-1731\" srcset=\"http:\/\/casademacau.pt\/wp-content\/uploads\/2024\/07\/word-image-1728-3.jpeg 600w, http:\/\/casademacau.pt\/wp-content\/uploads\/2024\/07\/word-image-1728-3-300x225.jpeg 300w\" sizes=\"auto, (max-width: 600px) 100vw, 600px\" \/><\/figure>\n\n\n\n<figure class=\"wp-block-image\"><img loading=\"lazy\" decoding=\"async\" width=\"4064\" height=\"3048\" src=\"http:\/\/casademacau.pt\/wp-content\/uploads\/2024\/07\/word-image-1728-4.jpeg\" alt=\"\" class=\"wp-image-1732\" srcset=\"http:\/\/casademacau.pt\/wp-content\/uploads\/2024\/07\/word-image-1728-4.jpeg 4064w, http:\/\/casademacau.pt\/wp-content\/uploads\/2024\/07\/word-image-1728-4-300x225.jpeg 300w, http:\/\/casademacau.pt\/wp-content\/uploads\/2024\/07\/word-image-1728-4-768x576.jpeg 768w, http:\/\/casademacau.pt\/wp-content\/uploads\/2024\/07\/word-image-1728-4-1024x768.jpeg 1024w\" sizes=\"auto, (max-width: 4064px) 100vw, 4064px\" \/><\/figure>\n\n\n\n<figure class=\"wp-block-image\"><img loading=\"lazy\" decoding=\"async\" width=\"4064\" height=\"3048\" src=\"http:\/\/casademacau.pt\/wp-content\/uploads\/2024\/07\/word-image-1728-5.jpeg\" alt=\"\" class=\"wp-image-1733\" srcset=\"http:\/\/casademacau.pt\/wp-content\/uploads\/2024\/07\/word-image-1728-5.jpeg 4064w, http:\/\/casademacau.pt\/wp-content\/uploads\/2024\/07\/word-image-1728-5-300x225.jpeg 300w, http:\/\/casademacau.pt\/wp-content\/uploads\/2024\/07\/word-image-1728-5-768x576.jpeg 768w, http:\/\/casademacau.pt\/wp-content\/uploads\/2024\/07\/word-image-1728-5-1024x768.jpeg 1024w\" sizes=\"auto, (max-width: 4064px) 100vw, 4064px\" \/><\/figure>\n\n\n\n<figure class=\"wp-block-image\"><a href=\"https:\/\/www.youtube.com\/watch?v=2q0vWXQV9Kc\"><img loading=\"lazy\" decoding=\"async\" width=\"480\" height=\"360\" src=\"http:\/\/casademacau.pt\/wp-content\/uploads\/2024\/07\/word-image-1728-6.jpeg\" alt=\"\" class=\"wp-image-1734\" srcset=\"http:\/\/casademacau.pt\/wp-content\/uploads\/2024\/07\/word-image-1728-6.jpeg 480w, http:\/\/casademacau.pt\/wp-content\/uploads\/2024\/07\/word-image-1728-6-300x225.jpeg 300w\" sizes=\"auto, (max-width: 480px) 100vw, 480px\" \/><\/a><\/figure>\n\n\n\n<p>Clicando na imagem acima poder\u00e3o assistir ao conv\u00edvio registado em v\u00eddeo, do qual destacamos a m\u00fasica do nosso amigo Beto Ritchie.<\/p>\n\n\n\n<h1 class=\"wp-block-heading\">&#8220;A Vencedora&#8221; fecha&#8230; e reabre!<\/h1>\n\n\n\n<figure class=\"wp-block-image\"><img loading=\"lazy\" decoding=\"async\" width=\"1600\" height=\"1200\" src=\"http:\/\/casademacau.pt\/wp-content\/uploads\/2024\/07\/word-image-1728-7.png\" alt=\"\" class=\"wp-image-1735\" srcset=\"http:\/\/casademacau.pt\/wp-content\/uploads\/2024\/07\/word-image-1728-7.png 1600w, http:\/\/casademacau.pt\/wp-content\/uploads\/2024\/07\/word-image-1728-7-300x225.png 300w, http:\/\/casademacau.pt\/wp-content\/uploads\/2024\/07\/word-image-1728-7-768x576.png 768w, http:\/\/casademacau.pt\/wp-content\/uploads\/2024\/07\/word-image-1728-7-1024x768.png 1024w\" sizes=\"auto, (max-width: 1600px) 100vw, 1600px\" \/><\/figure>\n\n\n\n<p>Se foi com grande tristeza que muitos de n\u00f3s receberam a not\u00edcia, h\u00e1 alguns meses, do fecho supostamente definitivo do lend\u00e1rio estabelecimento centen\u00e1rio de comida portuguesa e macaense <em>A Vencedora<\/em>, foi com enorme surpresa que nos chegou a novidade, este m\u00eas, da sua reabertura. J\u00e1 se encontra em pleno funcionamento, tendo a opera\u00e7\u00e3o do neg\u00f3cio sido transmitida para um amigo dos velhos <em>manos<\/em>, e mantendo a casa toda a sua actividade, com os mesmos empregados e cozinheiros. Dizem-nos as vozes de Macau que est\u00e1 tudo na mesma, felizmente. Passem por l\u00e1 t\u00e3o cedo quanto puderem: o mais tardar, no Encontro das Comunidades Macaenses, em Novembro!<\/p>\n\n\n\n<figure class=\"wp-block-image\"><img loading=\"lazy\" decoding=\"async\" width=\"720\" height=\"960\" src=\"http:\/\/casademacau.pt\/wp-content\/uploads\/2024\/07\/word-image-1728-8.jpeg\" alt=\"\" class=\"wp-image-1736\" srcset=\"http:\/\/casademacau.pt\/wp-content\/uploads\/2024\/07\/word-image-1728-8.jpeg 720w, http:\/\/casademacau.pt\/wp-content\/uploads\/2024\/07\/word-image-1728-8-225x300.jpeg 225w\" sizes=\"auto, (max-width: 720px) 100vw, 720px\" \/><\/figure>\n\n\n\n<figure class=\"wp-block-image\"><img loading=\"lazy\" decoding=\"async\" width=\"1200\" height=\"1600\" src=\"http:\/\/casademacau.pt\/wp-content\/uploads\/2024\/07\/word-image-1728-9.jpeg\" alt=\"\" class=\"wp-image-1737\" srcset=\"http:\/\/casademacau.pt\/wp-content\/uploads\/2024\/07\/word-image-1728-9.jpeg 1200w, http:\/\/casademacau.pt\/wp-content\/uploads\/2024\/07\/word-image-1728-9-225x300.jpeg 225w, http:\/\/casademacau.pt\/wp-content\/uploads\/2024\/07\/word-image-1728-9-768x1024.jpeg 768w\" sizes=\"auto, (max-width: 1200px) 100vw, 1200px\" \/><\/figure>\n\n\n\n<h1 class=\"wp-block-heading\"><figure><img loading=\"lazy\" decoding=\"async\" width=\"4000\" height=\"3000\" class=\"wp-image-1738\" src=\"http:\/\/casademacau.pt\/wp-content\/uploads\/2024\/07\/word-image-1728-10.png\" srcset=\"http:\/\/casademacau.pt\/wp-content\/uploads\/2024\/07\/word-image-1728-10.png 4000w, http:\/\/casademacau.pt\/wp-content\/uploads\/2024\/07\/word-image-1728-10-300x225.png 300w, http:\/\/casademacau.pt\/wp-content\/uploads\/2024\/07\/word-image-1728-10-768x576.png 768w, http:\/\/casademacau.pt\/wp-content\/uploads\/2024\/07\/word-image-1728-10-1024x768.png 1024w\" sizes=\"auto, (max-width: 4000px) 100vw, 4000px\" \/><\/figure>Tardes de Ch\u00e1 <strong>com Conversas e Livros<\/strong><\/h1>\n\n\n\n<p>Inaugur\u00e1mos tamb\u00e9m uma nova iniciativa regular, <strong><em>Tardes de Ch\u00e1 com Conversas e Livros<\/em><\/strong>, ao fim do dia, para reabrir e reanimar o nosso espa\u00e7o no 1\u00ba andar, transformando-o no nosso sal\u00e3o de ch\u00e1.<\/p>\n\n\n\n<p>No dia 4 de Junho, pelas 16h30, recebemos os vinte s\u00f3cios que responderam ao apelo de partilhar um fim de tarde, na boa tradi\u00e7\u00e3o de apreciar um ch\u00e1 reconfortante, num espa\u00e7o apraz\u00edvel e descontra\u00eddo, onde se murmuraram pequenas conversas cruzadas em torno das mesas colocadas na sala. N\u00e3o faltaram do\u00e7arias que, em boa hora, foram oferecidas pelos nossos s\u00f3cios e partilhadas ao longo da tarde.<\/p>\n\n\n\n<p>Inici\u00e1mos o conv\u00edvio com o elogio a um livro, neste caso da autoria da conhecida Maria Jo\u00e3o dos Santos Ferreira (a nossa Maj\u00e3o), \u00abT\u00e1nto ancuza d\u00f3ci!!\u00bb, que nos falou um pouco sobre a obra e as refer\u00eancias ao seu tio Ad\u00e9. Estava lan\u00e7ado o mote para iniciarmos o nosso apelo solid\u00e1rio e leiloarmos o livro como contributo para a Casa de Macau. Ap\u00f3s uma divertidasucess\u00e3o de licita\u00e7\u00f5es, acabou por ser adquirido pela nossa conterr\u00e2nea Maria Gabriela dos Santos (Gaby) pela generosa quantia de 50\u20ac, a qual a Casa de Macau muito agradece.<\/p>\n\n\n\n<p>E tarde fora desenvolvemos a nossa conversa, em tom informal, com o conhecido V\u00edtor Serra de Almeida, que nos trouxe as mem\u00f3rias eviv\u00eancias da Macau da d\u00e9cada de 50, alternando relatos de um tom mais s\u00e9rio com outros momentos de gra\u00e7a, ironia e sagacidade.<\/p>\n\n\n\n<p>Ficou registada em \u00e1udio e v\u00eddeo e podem encontr\u00e1-la nos nossos rec\u00e9m inaugurados <a href=\"https:\/\/podcasters.spotify.com\/pod\/show\/casa-de-macau-portugal\">podcasts<\/a>, dispon\u00edveis em Spotify e Apple, assim como no nosso canal de <a href=\"https:\/\/www.youtube.com\/%40casademacauportugal\">YouTube<\/a>. Em breve teremos mais um livro e mais um convidado.<\/p>\n\n\n\n<figure class=\"wp-block-image\"><a href=\"https:\/\/www.youtube.com\/watch?v=i6hIlSP23L4\"><img decoding=\"async\" src=\"https:\/\/dkt0g.img.sp1-brevo.net\/im\/sh\/xH9wyP3R72tT.png?u=SyGgH01HHg313Cuo4yzdrdaA6TdX\" alt=\"\"\/><\/a><\/figure>\n\n\n\n<p>Sess\u00e3o de Tardes de Ch\u00e1 com Conversas e Livros, registada em v\u00eddeo, com V\u00edtor Serra de Almeida. Cliquem na imagem acima para assistir.<\/p>\n\n\n\n<h1 class=\"wp-block-heading\">Tardes de Mahjong<\/h1>\n\n\n\n<figure class=\"wp-block-image\"><a href=\"https:\/\/www.youtube.com\/watch?v=BYTMDPmuw-A&amp;t=100s\"><img loading=\"lazy\" decoding=\"async\" width=\"1280\" height=\"720\" src=\"http:\/\/casademacau.pt\/wp-content\/uploads\/2024\/07\/word-image-1728-12.jpeg\" alt=\"\" class=\"wp-image-1739\" srcset=\"http:\/\/casademacau.pt\/wp-content\/uploads\/2024\/07\/word-image-1728-12.jpeg 1280w, http:\/\/casademacau.pt\/wp-content\/uploads\/2024\/07\/word-image-1728-12-300x169.jpeg 300w, http:\/\/casademacau.pt\/wp-content\/uploads\/2024\/07\/word-image-1728-12-768x432.jpeg 768w, http:\/\/casademacau.pt\/wp-content\/uploads\/2024\/07\/word-image-1728-12-1024x576.jpeg 1024w\" sizes=\"auto, (max-width: 1280px) 100vw, 1280px\" \/><\/a><\/figure>\n\n\n\n<p>No dia 1 Julho, pelas 17h, cerca de quinze interessados reuniram-se na nossa \u201csala de jogos\u201d para uma tarde de conv\u00edvio com o tema do <strong>Mahjong <\/strong>como atra\u00e7\u00e3o principal.<\/p>\n\n\n\n<p>A sess\u00e3o pautou-se por uma introdu\u00e7\u00e3o \u00e0s regras do jogo para principiantes, apesar de alguns convivas j\u00e1 dominarem o modo de jogar, situa\u00e7\u00e3o essa coordenada de forma ex\u00edmia pelo <strong>nosso associado Miguel Silva, <\/strong>que teve a amabilidade de nos dispensar o seu tempo, o seu saber e a sua forma de comunicar sem complicar.<\/p>\n\n\n\n<p>E, a pouco e pouco, l\u00e1 fomos identificando os \u201cnaipes\u201d os \u201cventos\u201d as sequ\u00eancias, os trios, o <em>\u201cpong\u201d <\/em>e o demais vocabul\u00e1rio necess\u00e1rio para enquadrar o jogo. Por fim \u201cacord\u00e1mos\u201d as pedras com aquele bater singular que nos \u00e9 t\u00e3o reconhec\u00edvel nas nossas mem\u00f3rias e demos in\u00edcio a um jogo simulado, onde, entre perguntas e explica\u00e7\u00f5es, fomos dando sentido ao \u201cprazer\u201d que se esconde em cada jogada.<\/p>\n\n\n\n<p>A experi\u00eancia \u00e9 para continuar: outras sess\u00f5es ir\u00e3o ser divulgadas, quer para principiantes, quer para \u201cquartetos\u201d de mesa em jogo flu\u00eddo. Tudo aponta para que em Outubro tenhamos nova sess\u00e3o. Em breve daremos nota.<\/p>\n\n\n\n<h1 class=\"wp-block-heading\">40 Anos da Teledifus\u00e3o de Macau<\/h1>\n\n\n\n<figure class=\"wp-block-image\"><img loading=\"lazy\" decoding=\"async\" width=\"500\" height=\"508\" src=\"http:\/\/casademacau.pt\/wp-content\/uploads\/2024\/07\/word-image-1728-13.jpeg\" alt=\"\" class=\"wp-image-1740\" srcset=\"http:\/\/casademacau.pt\/wp-content\/uploads\/2024\/07\/word-image-1728-13.jpeg 500w, http:\/\/casademacau.pt\/wp-content\/uploads\/2024\/07\/word-image-1728-13-295x300.jpeg 295w, http:\/\/casademacau.pt\/wp-content\/uploads\/2024\/07\/word-image-1728-13-64x64.jpeg 64w\" sizes=\"auto, (max-width: 500px) 100vw, 500px\" \/><\/figure>\n\n\n\n<p>Nos quarenta anos da TDM, escreve-nos sobre a hist\u00f3ria de uma esta\u00e7\u00e3o a jornalista <strong>Andreia Sofia Silva.<\/strong><\/p>\n\n\n\n<p><em>Cheguei a Macau numa tarde que depressa se transformou em noite, a 1 de Agosto de 2011. Tentando ainda habituar-me ao novo espa\u00e7o onde ia habitar nos pr\u00f3ximos meses, durante o per\u00edodo de est\u00e1gio curricular num jornal di\u00e1rio local, liguei a televis\u00e3o, apanhando o gen\u00e9rico de encerramento do telejornal da TDM &#8211; Teledifus\u00e3o de Macau, das 20h.<\/em><\/p>\n\n\n\n<p><em>Aquele globo a rodar com uma m\u00fasica que me pareceu fora do comum, num grafismo que fazia lembrar os anos 80, deram-me a perce\u00e7\u00e3o de que estava mesmo num mundo novo. N\u00e3o mais esqueci esse momento.\u00a0<\/em><\/p>\n\n\n\n<p><em>Em Macau sempre trabalhei em jornais e a televis\u00e3o e a r\u00e1dio nunca me atra\u00edram para trabalhar, tendo sido mera telespectadora ou ouvinte. Fizeram-se, nos anos em que vivi no territ\u00f3rio, bons programas e reportagens premiadas.<\/em><\/p>\n\n\n\n<p><em>A TDM soube passar gradualmente das velhinhas cassetes VHS para uma digitaliza\u00e7\u00e3o na forma de dar not\u00edcias, e muito mais h\u00e1 a fazer. Haja meios, investimento e vontade.<\/em><\/p>\n\n\n\n<p><em>H\u00e1 dias a TDM fez 40 anos e n\u00e3o posso deixar de destacar o trabalho feito por todos os que, diariamente, mant\u00e9m a esta\u00e7\u00e3o de p\u00e9, tentando fazer o melhor que podem, muitas vezes com parcas condi\u00e7\u00f5es de recursos humanos e de estruturas.<\/em><\/p>\n\n\n\n<p><em>Criar a TDM, tanto o canal chin\u00eas e portugu\u00eas, no per\u00edodo da Administra\u00e7\u00e3o portuguesa, imprimiu uma vis\u00e3o estrat\u00e9gica de futuro que acabaria por pautar a passagem dos portugueses pelo territ\u00f3rio para sempre. Se, quando foi criada, a TDM era importante para transmitir em portugu\u00eas e canton\u00eas, preservando os idiomas e respetivas culturas, essa import\u00e2ncia n\u00e3o diminuiu. Bem pelo contr\u00e1rio.<\/em><\/p>\n\n\n\n<p><em>Todos sabemos do caminho que espera \u00e0 RAEM com a integra\u00e7\u00e3o regional, e aqui refiro-me, apenas, \u00e0 quest\u00e3o lingu\u00edstica. Pelo menos at\u00e9 2049 a TDM tem o papel de preservar a l\u00edngua portuguesa e at\u00e9 o dialecto chin\u00eas local. Depois, logo se ver\u00e1. O canal ingl\u00eas poder\u00e1 ter maior relev\u00e2ncia e conte\u00fados numa RAEM de portas mais abertas a n\u00edvel regional e at\u00e9 internacional.<\/em><\/p>\n\n\n\n<p><em>Dado o meu gosto pessoal pela Hist\u00f3ria, em particular a hist\u00f3ria de Macau, n\u00e3o posso de deixar de referir a import\u00e2ncia de, neste futuro, ter de caber a preserva\u00e7\u00e3o do arquivo audiovisual da TDM, em portugu\u00eas e chin\u00eas, por nele caber todas as est\u00f3rias feitas por n\u00f3s, ou que acabaram por fazer parte da nossa vida, da Macau antiga e da RAEM do futuro. O Governo da RAEM, em colabora\u00e7\u00e3o com historiadores e t\u00e9cnicos, tem aqui um papel fundamental.<\/em><\/p>\n\n\n\n<p><em>Porque n\u00e3o criar uma plataforma semelhante \u00e0 que tem hoje a RTP, com a RTP Arquivos?<\/em><\/p>\n\n\n\n<h1 class=\"wp-block-heading\">Recordando<\/h1>\n\n\n\n<figure class=\"wp-block-image\"><img loading=\"lazy\" decoding=\"async\" width=\"1200\" height=\"678\" src=\"http:\/\/casademacau.pt\/wp-content\/uploads\/2024\/07\/word-image-1728-14.jpeg\" alt=\"\" class=\"wp-image-1741\" srcset=\"http:\/\/casademacau.pt\/wp-content\/uploads\/2024\/07\/word-image-1728-14.jpeg 1200w, http:\/\/casademacau.pt\/wp-content\/uploads\/2024\/07\/word-image-1728-14-300x170.jpeg 300w, http:\/\/casademacau.pt\/wp-content\/uploads\/2024\/07\/word-image-1728-14-768x434.jpeg 768w, http:\/\/casademacau.pt\/wp-content\/uploads\/2024\/07\/word-image-1728-14-1024x579.jpeg 1024w\" sizes=\"auto, (max-width: 1200px) 100vw, 1200px\" \/><\/figure>\n\n\n\n<p>Retomamos uma rubrica que t\u00ednhamos inaugurado h\u00e1 uns anos, onde pedimos a macaenses ou amantes de Macau que nos recordem um s\u00edtio not\u00e1vel.<\/p>\n\n\n\n<p>Escolhemos para esta primeira re-edi\u00e7\u00e3o a lend\u00e1ria gelataria <em>Lai Kei<\/em>, pela mem\u00f3ria do nosso amigo <strong>Rui (Ruka) Borges<\/strong>.<\/p>\n\n\n\n<p><em>Hoje a gelataria Lai Kei \u00e9 um marco de Macau que vai assistindo imp\u00e1vida e serena \u00e0 metamorfose constante de Macau. Os anos passam e este pequeno estabelecimento na Rua do Campo continua com uma nostalgia dos anos 60\/70s. Cheguei a Macau em 1986 e n\u00e3o me lembro precisamente da primeira vez que l\u00e1 fui, lembro-me dos bancos de madeira e da entrada cor-de-rosa com tons de amarelo e das das sandu\u00edches de gelado l\u00e1 vendidas.<\/em><\/p>\n\n\n\n<p><em>O que mais associo com o Lai Kei era a paragem obrigat\u00f3ria que fazia depois de um dia de compras de roupa nova com os meus pais antes de umas f\u00e9rias grandes a Portugal, ou depois de comprar material escolar na Athens. Depois de um dia enfadonho de veste e despe roupa (nunca fui f\u00e3 de roupa nova) a obrigat\u00f3ria paragem para terminar o dia em gl\u00f3ria com um miminho doce por ter aguentado e prevalecido a mais um duro dia (como a vida muda).<\/em><\/p>\n\n\n\n<p><em>Continuo a viver em Macau, passo pela loja quase diariamente. Apesar de j\u00e1 n\u00e3o a frequentar, vou olhando e assistindo a como ela pr\u00f3pria assiste \u00e0s nossas vidas e ao passar dos anos.<\/em><\/p>\n\n\n\n<figure class=\"wp-block-image\"><img loading=\"lazy\" decoding=\"async\" width=\"2048\" height=\"737\" src=\"http:\/\/casademacau.pt\/wp-content\/uploads\/2024\/07\/word-image-1728-15.jpeg\" alt=\"\" class=\"wp-image-1742\" srcset=\"http:\/\/casademacau.pt\/wp-content\/uploads\/2024\/07\/word-image-1728-15.jpeg 2048w, http:\/\/casademacau.pt\/wp-content\/uploads\/2024\/07\/word-image-1728-15-300x108.jpeg 300w, http:\/\/casademacau.pt\/wp-content\/uploads\/2024\/07\/word-image-1728-15-768x276.jpeg 768w, http:\/\/casademacau.pt\/wp-content\/uploads\/2024\/07\/word-image-1728-15-1024x369.jpeg 1024w\" sizes=\"auto, (max-width: 2048px) 100vw, 2048px\" \/><\/figure>\n\n\n\n<h1 class=\"wp-block-heading\">Ser S\u00f3cio da Casa de Macau<\/h1>\n\n\n\n<p>Se ainda n\u00e3o \u00e9 s\u00f3cio da Casa de Macau, considerem a possibilidade de o ser.<\/p>\n\n\n\n<p>A quotiza\u00e7\u00e3o \u00e9 apenas de \u20ac6 por m\u00eas caso optem pelo plano anual, tendo ainda desconto para +65 e estudantes. Podem encontrar toda a informa\u00e7\u00e3o <a href=\"https:\/\/casademacau.pt\/?page_id=1100\">aqui<\/a>, assim como o formul\u00e1rio necess\u00e1rio ao pedido. Mais informa\u00e7\u00f5es atrav\u00e9s do nosso <a href=\"mailto:casademacau@mail.telepac.pt\">mail<\/a> e do telefone 218 495 342. Todos s\u00e3o bem-vindos \u00e0 Casa de Macau!<\/p>\n\n\n\n<h1 class=\"wp-block-heading\">Galeria da Casa de Macau<\/h1>\n\n\n\n<p>Daremos doravante destaque a v\u00e1rias <strong>personalidades not\u00e1veis <\/strong>que tiveram papel relevante na hist\u00f3ria da Casa de Macau. Come\u00e7amos com um dos seus <strong>fundadores<\/strong>, um <strong>s\u00f3cio benem\u00e9rito <\/strong>e um <strong>s\u00f3cio honor\u00e1rio<\/strong>: no caso, o Dr. Armando Flor\u00eancio de Oliveira Hagatong, o Sr. Chui Tak Kei e o Sr. General Vasco Joaquim Rocha Vieira. Iremos tamb\u00e9m dar destaque a <strong>pe\u00e7as not\u00e1veis <\/strong>que encontramos no esp\u00f3lio da nossa Casa, e come\u00e7amos, para terminar este nosso boletim, com uma bel\u00edssima cartografia do territ\u00f3rio e \u00e1rea envolvente, com legenda em ingl\u00eas.<\/p>\n\n\n\n<figure class=\"wp-block-image\"><img loading=\"lazy\" decoding=\"async\" width=\"150\" height=\"210\" src=\"http:\/\/casademacau.pt\/wp-content\/uploads\/2024\/07\/word-image-1728-16.jpeg\" alt=\"\" class=\"wp-image-1743\"\/><\/figure>\n\n\n\n<h2 class=\"wp-block-heading\">Dr. Armando Flor\u00eancio de Oliveira Hagatong, S\u00f3cio Fundador<\/h2>\n\n\n\n<p>&#8220;Velha aspira\u00e7\u00e3o de v\u00e1rias gera\u00e7\u00f5es de macaenses e amigos de Macau tiveram in\u00edcio na d\u00e9cada de 1960, para a qual seriam dados passos decisivos para o nascimento da Casa de Macau em Portugal. De acordo com Armando Hagatong, foi ele que, juntamente com o seu primo Geraldo Rangel de Almeida, Alberto Maria Alem\u00e3o e Carlos Laborde Basto, puseram m\u00e3os \u00e0 obra em Setembro de 1973.&#8221;<\/p>\n\n\n\n<p>(In <em>50 Anos de Casa de Macau<\/em>, 2016)<\/p>\n\n\n\n<figure class=\"wp-block-image\"><img loading=\"lazy\" decoding=\"async\" width=\"192\" height=\"262\" src=\"http:\/\/casademacau.pt\/wp-content\/uploads\/2024\/07\/word-image-1728-17.jpeg\" alt=\"\" class=\"wp-image-1744\"\/><\/figure>\n\n\n\n<h2 class=\"wp-block-heading\">Sr. Chui Tak Kei, S\u00f3cio Benem\u00e9rito<\/h2>\n\n\n\n<p>\u201cO que o Chui Tak Kei mais prezava era o trabalho de caridade que fazia, porque amava muito as pessoas de Macau e sempre dedicava o seu tempo \u00e0 Associa\u00e7\u00e3o de Benefic\u00eancia Tong Sin Tong.\u201d<\/p>\n\n\n\n<p>(Chui Sai Peng, filho do s\u00f3cio)<\/p>\n\n\n\n<figure class=\"wp-block-image\"><img loading=\"lazy\" decoding=\"async\" width=\"126\" height=\"168\" src=\"http:\/\/casademacau.pt\/wp-content\/uploads\/2024\/07\/word-image-1728-18.jpeg\" alt=\"\" class=\"wp-image-1745\"\/><\/figure>\n\n\n\n<h2 class=\"wp-block-heading\"><strong>Sr. General Vasco Joaquim Rocha Vieira, S\u00f3cio Honor\u00e1rio<\/strong><\/h2>\n\n\n\n<p>&#8220;A mem\u00f3ria colectiva guarda a imagem de Vasco Rocha Vieira com a bandeira nacional colada ao peito, em 19 de Dezembro de 1999, a poucas horas do retorno de Macau \u00e0 soberania da Rep\u00fablica Popular da China, express\u00e3o de um processo de transi\u00e7\u00e3o bem sucedido e \u00faltimo acto de uma governa\u00e7\u00e3o que constitui um ponto alto da hist\u00f3ria de Portugal e motivo de orgulho para os Portugueses\u201d.<\/p>\n\n\n\n<p>(In Vasco Rocha Vieira &#8211; <em>Todos os Portos a Que Cheguei<\/em>, Pedro Vieira)<\/p>\n\n\n\n<figure class=\"wp-block-image\"><img loading=\"lazy\" decoding=\"async\" width=\"600\" height=\"796\" src=\"http:\/\/casademacau.pt\/wp-content\/uploads\/2024\/07\/word-image-1728-19.jpeg\" alt=\"\" class=\"wp-image-1746\" srcset=\"http:\/\/casademacau.pt\/wp-content\/uploads\/2024\/07\/word-image-1728-19.jpeg 600w, http:\/\/casademacau.pt\/wp-content\/uploads\/2024\/07\/word-image-1728-19-226x300.jpeg 226w\" sizes=\"auto, (max-width: 600px) 100vw, 600px\" \/><\/figure>\n\n\n\n<p><em>Cartografia do S\u00e9c XVIII \u2014 Macau, Ba\u00eda da Praia Grande<\/em><\/p>\n\n\n\n<h1 class=\"wp-block-heading\">O (Re)canto da Poesia (Elogio aos Poetas de Macau)<\/h1>\n\n\n\n<h2 class=\"wp-block-heading\">Mahjong<\/h2>\n\n\n\n<p>Letra: Maria Ros\u00e1rio Almeida \u2013 M\u00fasica: Jo\u00e3o Azeredo Vers\u00e3o cantada por A Outra Banda: podem ouvir <a href=\"https:\/\/youtu.be\/1sC-bcLEIKE?si=2jryZ3FWtzzqoFbw\">aqui<\/a>.<\/p>\n\n\n\n<p>Vento leste domina acordam-se os dados<br>\n136 Pedras e mais 8 flores<br>\nSaltitam os naipes p\u00e1ssaros nos bambus<br>\nCaracteres chineses e ventos do sul<\/p>\n\n\n\n<hr class=\"wp-block-separator\"\/>\n\n\n\n<p>Mahjong velho mandarim da dinastia Yuen<br>\nSeiva que gira aquece e trepida<br>\nMahjong velho mandarim da dinastia Yuen<br>\nSeiva que gira ao ritmo da esperan\u00e7a<\/p>\n\n\n\n<hr class=\"wp-block-separator\"\/>\n\n\n\n<p>Venham drag\u00f5es aticem-se os ventos<br> Venham drag\u00f5es nas quatro esta\u00e7\u00f5es<br> Treze d\u00e1 sorte m\u00e3os h\u00e1beis palpitam<br>Treze d\u00e1 sorte Mum Wu escalda<\/p>\n\n\n\n<p>Mahjong velho mandarim da dinastia Yuen<br>\nSeiva que gira aquece e trepida<br>\nMahjong velho mandarim da dinastia Yuen<br>\nSeiva que gira ao ritmo da esperan\u00e7a<\/p>\n\n\n\n<hr class=\"wp-block-separator\"\/>\n\n\n\n<p>Filas de pedra vozear animado<br>\nHoras sem fim sequ\u00eancias e trios<br>\nRodopio prossegue algazarra nocturna<br>\nPedras batidas pelo vento norte<\/p>\n\n\n\n<h1 class=\"wp-block-heading\">Renova\u00e7\u00e3o da imagem da Casa de Macau<\/h1>\n\n\n\n<figure class=\"wp-block-image\"><img loading=\"lazy\" decoding=\"async\" width=\"1600\" height=\"649\" src=\"http:\/\/casademacau.pt\/wp-content\/uploads\/2024\/07\/word-image-1728-20.jpeg\" alt=\"\" class=\"wp-image-1747\" srcset=\"http:\/\/casademacau.pt\/wp-content\/uploads\/2024\/07\/word-image-1728-20.jpeg 1600w, http:\/\/casademacau.pt\/wp-content\/uploads\/2024\/07\/word-image-1728-20-300x122.jpeg 300w, http:\/\/casademacau.pt\/wp-content\/uploads\/2024\/07\/word-image-1728-20-768x312.jpeg 768w, http:\/\/casademacau.pt\/wp-content\/uploads\/2024\/07\/word-image-1728-20-1024x415.jpeg 1024w\" sizes=\"auto, (max-width: 1600px) 100vw, 1600px\" \/><\/figure>\n\n\n\n<figure class=\"wp-block-image\"><img loading=\"lazy\" decoding=\"async\" width=\"1296\" height=\"448\" src=\"http:\/\/casademacau.pt\/wp-content\/uploads\/2024\/07\/word-image-1728-21.jpeg\" alt=\"\" class=\"wp-image-1748\" srcset=\"http:\/\/casademacau.pt\/wp-content\/uploads\/2024\/07\/word-image-1728-21.jpeg 1296w, http:\/\/casademacau.pt\/wp-content\/uploads\/2024\/07\/word-image-1728-21-300x104.jpeg 300w, http:\/\/casademacau.pt\/wp-content\/uploads\/2024\/07\/word-image-1728-21-768x265.jpeg 768w, http:\/\/casademacau.pt\/wp-content\/uploads\/2024\/07\/word-image-1728-21-1024x354.jpeg 1024w\" sizes=\"auto, (max-width: 1296px) 100vw, 1296px\" \/><\/figure>\n\n\n\n<figure class=\"wp-block-image\"><img loading=\"lazy\" decoding=\"async\" width=\"1600\" height=\"649\" src=\"http:\/\/casademacau.pt\/wp-content\/uploads\/2024\/07\/word-image-1728-22.jpeg\" alt=\"\" class=\"wp-image-1749\" srcset=\"http:\/\/casademacau.pt\/wp-content\/uploads\/2024\/07\/word-image-1728-22.jpeg 1600w, http:\/\/casademacau.pt\/wp-content\/uploads\/2024\/07\/word-image-1728-22-300x122.jpeg 300w, http:\/\/casademacau.pt\/wp-content\/uploads\/2024\/07\/word-image-1728-22-768x312.jpeg 768w, http:\/\/casademacau.pt\/wp-content\/uploads\/2024\/07\/word-image-1728-22-1024x415.jpeg 1024w\" sizes=\"auto, (max-width: 1600px) 100vw, 1600px\" \/><\/figure>\n\n\n\n<figure class=\"wp-block-image\"><img loading=\"lazy\" decoding=\"async\" width=\"1296\" height=\"432\" src=\"http:\/\/casademacau.pt\/wp-content\/uploads\/2024\/07\/word-image-1728-23.jpeg\" alt=\"\" class=\"wp-image-1750\" srcset=\"http:\/\/casademacau.pt\/wp-content\/uploads\/2024\/07\/word-image-1728-23.jpeg 1296w, http:\/\/casademacau.pt\/wp-content\/uploads\/2024\/07\/word-image-1728-23-300x100.jpeg 300w, http:\/\/casademacau.pt\/wp-content\/uploads\/2024\/07\/word-image-1728-23-768x256.jpeg 768w, http:\/\/casademacau.pt\/wp-content\/uploads\/2024\/07\/word-image-1728-23-1024x341.jpeg 1024w\" sizes=\"auto, (max-width: 1296px) 100vw, 1296px\" \/><\/figure>\n\n\n\n<p>A recomposi\u00e7\u00e3o gr\u00e1fica introduzida na nova imagem da Casa de Macau n\u00e3o altera nem exclui os elementos substantivos do nosso logotipo, apenas real\u00e7a de forma mais not\u00f3ria o nome <strong>Casa de Macau <\/strong>como elemento principal de leitura para o exterior.<\/p>\n\n\n\n<p>A hip\u00f3tese das quatro imagens permitem tamb\u00e9m a sua cola\u00e7\u00e3o diversificada em fun\u00e7\u00e3o do fundo a utilizar, mantendo a sua leitura vis\u00edvel. Por outro lado, esta reconfigura\u00e7\u00e3o introduz tamb\u00e9m a nossa vontade em preservar o <strong>passado <\/strong>sem esquecer a inova\u00e7\u00e3o no <strong>presente<\/strong>.<\/p>\n\n\n\n<p>Terminamos assim a primeira edi\u00e7\u00e3o do nosso boletim com <strong>sauda\u00e7\u00f5es macaenses <\/strong>para todos, e desejos de que continuem a acompanhar-nos atrav\u00e9s deste e de outros meios de comunica\u00e7\u00e3o, convidando-vos tamb\u00e9m a <strong>reencaminharem <\/strong>este e-mail para os vossos amigos e conhecidos. Espreitem e sigam as nossas p\u00e1ginas de <a href=\"https:\/\/www.facebook.com\/p\/CASA-De-MACAU-Lisboa-100064820285397\/\">Facebook<\/a>, <a href=\"https:\/\/www.instagram.com\/casa_de_macau\">Instagram<\/a>, <a href=\"https:\/\/www.youtube.com\/channel\/UCCVxfns2u27NFmTDB3NTbNA\">YouTube<\/a>, e o nosso <a href=\"http:\/\/www.casademacau.pt\/\">website<\/a>, que ser\u00e1 em breve renovado e actualizado.<\/p>\n","protected":false},"excerpt":{"rendered":"<p>Caro leitor, a Casa de Macau de Portugal vem por esta via apostar na amplia\u00e7\u00e3o da sua divulga\u00e7\u00e3o e tentar chegar a uma popula\u00e7\u00e3o mais abrangente com not\u00edcias e rubricas que nos v\u00e3o aproximando enquanto comunidade. A escolha do nome do nosso novo Boletim \u00e9 por si s\u00f3 bem elucidativa, recuperamos uma conhecida frase no [&hellip;]<\/p>\n","protected":false},"author":1,"featured_media":0,"comment_status":"open","ping_status":"open","sticky":false,"template":"","format":"standard","meta":{"footnotes":""},"categories":[1],"tags":[],"class_list":["post-1728","post","type-post","status-publish","format-standard","hentry","category-uncategorized","entry"],"_links":{"self":[{"href":"http:\/\/casademacau.pt\/index.php?rest_route=\/wp\/v2\/posts\/1728","targetHints":{"allow":["GET"]}}],"collection":[{"href":"http:\/\/casademacau.pt\/index.php?rest_route=\/wp\/v2\/posts"}],"about":[{"href":"http:\/\/casademacau.pt\/index.php?rest_route=\/wp\/v2\/types\/post"}],"author":[{"embeddable":true,"href":"http:\/\/casademacau.pt\/index.php?rest_route=\/wp\/v2\/users\/1"}],"replies":[{"embeddable":true,"href":"http:\/\/casademacau.pt\/index.php?rest_route=%2Fwp%2Fv2%2Fcomments&post=1728"}],"version-history":[{"count":1,"href":"http:\/\/casademacau.pt\/index.php?rest_route=\/wp\/v2\/posts\/1728\/revisions"}],"predecessor-version":[{"id":1755,"href":"http:\/\/casademacau.pt\/index.php?rest_route=\/wp\/v2\/posts\/1728\/revisions\/1755"}],"wp:attachment":[{"href":"http:\/\/casademacau.pt\/index.php?rest_route=%2Fwp%2Fv2%2Fmedia&parent=1728"}],"wp:term":[{"taxonomy":"category","embeddable":true,"href":"http:\/\/casademacau.pt\/index.php?rest_route=%2Fwp%2Fv2%2Fcategories&post=1728"},{"taxonomy":"post_tag","embeddable":true,"href":"http:\/\/casademacau.pt\/index.php?rest_route=%2Fwp%2Fv2%2Ftags&post=1728"}],"curies":[{"name":"wp","href":"https:\/\/api.w.org\/{rel}","templated":true}]}}