{"id":1446,"date":"2022-07-30T15:03:04","date_gmt":"2022-07-30T14:03:04","guid":{"rendered":"http:\/\/casademacau.pt\/?p=1446"},"modified":"2023-05-12T10:27:36","modified_gmt":"2023-05-12T09:27:36","slug":"encerramento-da-casa-de-macau-no-mes-de-agosto-2","status":"publish","type":"post","link":"http:\/\/casademacau.pt\/?p=1446","title":{"rendered":"ENCERRAMENTO DA CASA DE MACAU NO M\u00caS DE AGOSTO"},"content":{"rendered":"\n<p>Recordamos aos nossos Associados que, conforme vem sendo h\u00e1bito, a Casa de Macau encerrar\u00e1 para f\u00e9rias durante o m\u00eas de Agosto, reabrindo no dia 01 de Setembro.<\/p>\n\n\n\n<p><strong>A todos os Associados e familiares desejamos umas \u00f3ptimas f\u00e9rias!<\/strong><strong><\/strong><\/p>\n","protected":false},"excerpt":{"rendered":"<p>Recordamos aos nossos Associados que, conforme vem sendo h\u00e1bito, a Casa de Macau encerrar\u00e1 para f\u00e9rias durante o m\u00eas de Agosto, reabrindo no dia 01 de Setembro. A todos os Associados e familiares desejamos umas \u00f3ptimas f\u00e9rias!<\/p>\n","protected":false},"author":3,"featured_media":0,"comment_status":"open","ping_status":"open","sticky":false,"template":"","format":"standard","meta":{"footnotes":""},"categories":[1],"tags":[],"class_list":["post-1446","post","type-post","status-publish","format-standard","hentry","category-uncategorized","entry"],"_links":{"self":[{"href":"http:\/\/casademacau.pt\/index.php?rest_route=\/wp\/v2\/posts\/1446","targetHints":{"allow":["GET"]}}],"collection":[{"href":"http:\/\/casademacau.pt\/index.php?rest_route=\/wp\/v2\/posts"}],"about":[{"href":"http:\/\/casademacau.pt\/index.php?rest_route=\/wp\/v2\/types\/post"}],"author":[{"embeddable":true,"href":"http:\/\/casademacau.pt\/index.php?rest_route=\/wp\/v2\/users\/3"}],"replies":[{"embeddable":true,"href":"http:\/\/casademacau.pt\/index.php?rest_route=%2Fwp%2Fv2%2Fcomments&post=1446"}],"version-history":[{"count":1,"href":"http:\/\/casademacau.pt\/index.php?rest_route=\/wp\/v2\/posts\/1446\/revisions"}],"predecessor-version":[{"id":1447,"href":"http:\/\/casademacau.pt\/index.php?rest_route=\/wp\/v2\/posts\/1446\/revisions\/1447"}],"wp:attachment":[{"href":"http:\/\/casademacau.pt\/index.php?rest_route=%2Fwp%2Fv2%2Fmedia&parent=1446"}],"wp:term":[{"taxonomy":"category","embeddable":true,"href":"http:\/\/casademacau.pt\/index.php?rest_route=%2Fwp%2Fv2%2Fcategories&post=1446"},{"taxonomy":"post_tag","embeddable":true,"href":"http:\/\/casademacau.pt\/index.php?rest_route=%2Fwp%2Fv2%2Ftags&post=1446"}],"curies":[{"name":"wp","href":"https:\/\/api.w.org\/{rel}","templated":true}]}}